{"id":4965,"date":"2022-05-08T14:40:01","date_gmt":"2022-05-08T11:40:01","guid":{"rendered":"https:\/\/www.detayendustri.com\/arac-ici-raf-sistemlerini-kimler-tercih-ediyor\/"},"modified":"2026-03-11T11:01:17","modified_gmt":"2026-03-11T08:01:17","slug":"who-prefers-in-car-shelf-systems","status":"publish","type":"post","link":"https:\/\/www.detayendustri.com\/en\/who-prefers-in-car-shelf-systems\/","title":{"rendered":"Who Prefers In-car Shelf Systems?"},"content":{"rendered":"<p>In-vehicle rack system is the systems used to provide convenience and save space while transporting in vehicles used for commercial purposes. This system, which is not found in every vehicle, is used in large minibuses and trucks. The size, length and width of the transport to be transported do not fit into the vehicles. Therefore, in order to make the transportation process more practical, an in-car rack system is made according to the desired dimensions. Thanks to these shelves, the interior of the vehicle expands visibly. In this way, all kinds of materials that are desired to be transported can be transported more easily and with different types.<\/p>\n<p>There are various models of in-vehicle rack system and models of different types. These shelf systems, which provide significant convenience to companies in the transportation process, are an issue that should be considered in terms of hygiene. For example, if a load is being moved from a cage-style system to plastic containers, there is a wide variety of shelving systems, from glass cabinets to metal containers, to take care of hygiene.<\/p>\n<div id=\"ez-toc-container\" class=\"ez-toc-v2_0_82_2 counter-hierarchy ez-toc-counter ez-toc-grey ez-toc-container-direction\">\n<div class=\"ez-toc-title-container\">\n<p class=\"ez-toc-title\" style=\"cursor:inherit\">\ud83d\udccb<\/p>\n<span class=\"ez-toc-title-toggle\"><a href=\"#\" class=\"ez-toc-pull-right ez-toc-btn ez-toc-btn-xs ez-toc-btn-default ez-toc-toggle\" aria-label=\"Toggle Table of Content\"><span class=\"ez-toc-js-icon-con\"><span class=\"\"><span class=\"eztoc-hide\" style=\"display:none;\">Toggle<\/span><span class=\"ez-toc-icon-toggle-span\"><svg style=\"fill: #999;color:#999\" xmlns=\"http:\/\/www.w3.org\/2000\/svg\" class=\"list-377408\" width=\"20px\" height=\"20px\" viewBox=\"0 0 24 24\" fill=\"none\"><path d=\"M6 6H4v2h2V6zm14 0H8v2h12V6zM4 11h2v2H4v-2zm16 0H8v2h12v-2zM4 16h2v2H4v-2zm16 0H8v2h12v-2z\" fill=\"currentColor\"><\/path><\/svg><svg style=\"fill: #999;color:#999\" class=\"arrow-unsorted-368013\" xmlns=\"http:\/\/www.w3.org\/2000\/svg\" width=\"10px\" height=\"10px\" viewBox=\"0 0 24 24\" version=\"1.2\" baseProfile=\"tiny\"><path d=\"M18.2 9.3l-6.2-6.3-6.2 6.3c-.2.2-.3.4-.3.7s.1.5.3.7c.2.2.4.3.7.3h11c.3 0 .5-.1.7-.3.2-.2.3-.5.3-.7s-.1-.5-.3-.7zM5.8 14.7l6.2 6.3 6.2-6.3c.2-.2.3-.5.3-.7s-.1-.5-.3-.7c-.2-.2-.4-.3-.7-.3h-11c-.3 0-.5.1-.7.3-.2.2-.3.5-.3.7s.1.5.3.7z\"\/><\/svg><\/span><\/span><\/span><\/a><\/span><\/div>\n<nav><ul class='ez-toc-list ez-toc-list-level-1 ' ><li class='ez-toc-page-1 ez-toc-heading-level-3'><a class=\"ez-toc-link ez-toc-heading-1\" href=\"https:\/\/www.detayendustri.com\/en\/who-prefers-in-car-shelf-systems\/#Who_prefers_the_in-car_rack_system\" >Who prefers the in-car rack system?<\/a><\/li><li class='ez-toc-page-1 ez-toc-heading-level-3'><a class=\"ez-toc-link ez-toc-heading-2\" href=\"https:\/\/www.detayendustri.com\/en\/who-prefers-in-car-shelf-systems\/#What_are_the_benefits_of_using_in-vehicle_rack_system\" >What are the benefits of using in-vehicle rack system?<\/a><\/li><\/ul><\/nav><\/div>\n<h3><span class=\"ez-toc-section\" id=\"Who_prefers_the_in-car_rack_system\"><\/span>Who prefers the in-car rack system?<span class=\"ez-toc-section-end\"><\/span><\/h3>\n<p>It has been observed that the in-vehicle rack system is widely used in vehicles carrying cargo. Locking the cabinets and having safe cabinets and shelves for items that are likely to break provide better transportation of cargo. Placing all cargo on the shelves in an orderly manner saves time during distribution and makes things much easier.<\/p>\n<p>In-vehicle rack system is preferred for vehicles used in case of transporting live animals to shelters. It is an important issue to transport animals in a safe and hygienic manner without harming them. That&#8217;s why solid racking systems allow animals to be transported more safely.<\/p>\n<p>Another area of \u200b\u200buse is the vehicles preferred by the markets. In these vehicles, a shelf system is used to place materials and parcels more regularly. Systems made for these materials can handle tens of heavy loads and consist of multiple racks for parcels.<\/p>\n<p>In-car shelf is preferred in the food and pharmacy sector. A cooling system is needed so that the products sent to these companies do not deteriorate. While the interior shelves are being designed, the cooling system application is produced in the vehicles going to the company. Thus, it has gained the practicality of transporting perishable products without spoiling even for a long distance.<\/p>\n<p>Thus, each company prefers an in-car rack system according to its field.<\/p>\n<h3><span class=\"ez-toc-section\" id=\"What_are_the_benefits_of_using_in-vehicle_rack_system\"><\/span>What are the benefits of using in-vehicle rack system?<span class=\"ez-toc-section-end\"><\/span><\/h3>\n<p>In-vehicle shelf system saves time and adds practicality when the loads are put back in orderly. By requiring less personnel, more income is obtained for the company.<br \/>\nThese systems are created according to the request of the person. Shelves designed according to demand are mounted on the vehicle and can be easily disassembled at any time. While doing this, the damage to the vehicle is minimal. Anyone who says with peace of mind can have the in-car rack system made for the company&#8217;s vehicles.<\/p>\n","protected":false},"excerpt":{"rendered":"<p>In-vehicle rack system is the systems used to provide convenience and save space while transporting in vehicles used for commercial purposes. This system, which is not found in every vehicle,&hellip;<\/p>\n","protected":false},"author":1,"featured_media":35242,"comment_status":"open","ping_status":"open","sticky":false,"template":"","format":"standard","meta":{"footnotes":""},"categories":[255],"tags":[],"class_list":["post-4965","post","type-post","status-publish","format-standard","has-post-thumbnail","hentry","category-uncategorized"],"yoast_head":"<!-- This site is optimized with the Yoast SEO Premium plugin v24.1 (Yoast SEO v27.3) - https:\/\/yoast.com\/product\/yoast-seo-premium-wordpress\/ -->\n<title>In-Car Shelf System Preferences - Detay End\u00fcstri<\/title>\n<meta name=\"description\" content=\"Mobile technicians, service teams, and workshops prefer our shelf systems for organized, safe, and efficient mobile storage solutions.\" \/>\n<meta name=\"robots\" content=\"index, follow, max-snippet:-1, max-image-preview:large, max-video-preview:-1\" \/>\n<link rel=\"canonical\" href=\"https:\/\/www.detayendustri.com\/en\/who-prefers-in-car-shelf-systems\/\" \/>\n<meta property=\"og:locale\" content=\"en_US\" \/>\n<meta property=\"og:type\" content=\"article\" \/>\n<meta property=\"og:title\" content=\"Who Prefers In-car Shelf Systems?\" \/>\n<meta property=\"og:description\" content=\"Mobile technicians, service teams, and workshops prefer our shelf systems for organized, safe, and efficient mobile storage solutions.\" \/>\n<meta property=\"og:url\" content=\"https:\/\/www.detayendustri.com\/en\/who-prefers-in-car-shelf-systems\/\" \/>\n<meta property=\"og:site_name\" content=\"Detay End\u00fcstri\" \/>\n<meta property=\"article:publisher\" content=\"https:\/\/www.facebook.com\/Detay-End%c3%bcstri-Ekipmanlar%c4%b1-Sanayi-ve-TicLtd%c5%9eti-1133600626818013\/\" \/>\n<meta property=\"article:published_time\" content=\"2022-05-08T11:40:01+00:00\" \/>\n<meta property=\"article:modified_time\" content=\"2026-03-11T08:01:17+00:00\" \/>\n<meta property=\"og:image\" content=\"https:\/\/www.detayendustri.com\/wp-content\/uploads\/2022\/04\/b-renault-trafic-arac-ici-donanim-1641469456266-scaled-1.jpg\" \/>\n\t<meta property=\"og:image:width\" content=\"1\" \/>\n\t<meta property=\"og:image:height\" content=\"1\" \/>\n\t<meta property=\"og:image:type\" content=\"image\/jpeg\" \/>\n<meta name=\"author\" content=\"Detay End\u00fcstri\" \/>\n<meta name=\"twitter:card\" content=\"summary_large_image\" \/>\n<meta name=\"twitter:label1\" content=\"Written by\" \/>\n\t<meta name=\"twitter:data1\" content=\"Detay End\u00fcstri\" \/>\n\t<meta name=\"twitter:label2\" content=\"Est. reading time\" \/>\n\t<meta name=\"twitter:data2\" content=\"2 minutes\" \/>\n<script type=\"application\/ld+json\" class=\"yoast-schema-graph\">{\"@context\":\"https:\\\/\\\/schema.org\",\"@graph\":[{\"@type\":\"Article\",\"@id\":\"https:\\\/\\\/www.detayendustri.com\\\/en\\\/who-prefers-in-car-shelf-systems\\\/#article\",\"isPartOf\":{\"@id\":\"https:\\\/\\\/www.detayendustri.com\\\/en\\\/who-prefers-in-car-shelf-systems\\\/\"},\"author\":{\"name\":\"Detay End\u00fcstri\",\"@id\":\"https:\\\/\\\/www.detayendustri.com\\\/#\\\/schema\\\/person\\\/4931c7cc98b74fdbb20dd5d6439b7caf\"},\"headline\":\"Who Prefers In-car Shelf Systems?\",\"datePublished\":\"2022-05-08T11:40:01+00:00\",\"dateModified\":\"2026-03-11T08:01:17+00:00\",\"mainEntityOfPage\":{\"@id\":\"https:\\\/\\\/www.detayendustri.com\\\/en\\\/who-prefers-in-car-shelf-systems\\\/\"},\"wordCount\":505,\"commentCount\":0,\"publisher\":{\"@id\":\"https:\\\/\\\/www.detayendustri.com\\\/#organization\"},\"image\":{\"@id\":\"https:\\\/\\\/www.detayendustri.com\\\/en\\\/who-prefers-in-car-shelf-systems\\\/#primaryimage\"},\"thumbnailUrl\":\"https:\\\/\\\/www.detayendustri.com\\\/wp-content\\\/uploads\\\/2022\\\/04\\\/b-renault-trafic-arac-ici-donanim-1641469456266-scaled-1.jpg\",\"inLanguage\":\"en-US\",\"potentialAction\":[{\"@type\":\"CommentAction\",\"name\":\"Comment\",\"target\":[\"https:\\\/\\\/www.detayendustri.com\\\/en\\\/who-prefers-in-car-shelf-systems\\\/#respond\"]}]},{\"@type\":\"WebPage\",\"@id\":\"https:\\\/\\\/www.detayendustri.com\\\/en\\\/who-prefers-in-car-shelf-systems\\\/\",\"url\":\"https:\\\/\\\/www.detayendustri.com\\\/en\\\/who-prefers-in-car-shelf-systems\\\/\",\"name\":\"In-Car Shelf System Preferences - Detay End\u00fcstri\",\"isPartOf\":{\"@id\":\"https:\\\/\\\/www.detayendustri.com\\\/#website\"},\"primaryImageOfPage\":{\"@id\":\"https:\\\/\\\/www.detayendustri.com\\\/en\\\/who-prefers-in-car-shelf-systems\\\/#primaryimage\"},\"image\":{\"@id\":\"https:\\\/\\\/www.detayendustri.com\\\/en\\\/who-prefers-in-car-shelf-systems\\\/#primaryimage\"},\"thumbnailUrl\":\"https:\\\/\\\/www.detayendustri.com\\\/wp-content\\\/uploads\\\/2022\\\/04\\\/b-renault-trafic-arac-ici-donanim-1641469456266-scaled-1.jpg\",\"datePublished\":\"2022-05-08T11:40:01+00:00\",\"dateModified\":\"2026-03-11T08:01:17+00:00\",\"description\":\"Mobile technicians, service teams, and workshops prefer our shelf systems for organized, safe, and efficient mobile storage solutions.\",\"breadcrumb\":{\"@id\":\"https:\\\/\\\/www.detayendustri.com\\\/en\\\/who-prefers-in-car-shelf-systems\\\/#breadcrumb\"},\"inLanguage\":\"en-US\",\"potentialAction\":[{\"@type\":\"ReadAction\",\"target\":[\"https:\\\/\\\/www.detayendustri.com\\\/en\\\/who-prefers-in-car-shelf-systems\\\/\"]}]},{\"@type\":\"ImageObject\",\"inLanguage\":\"en-US\",\"@id\":\"https:\\\/\\\/www.detayendustri.com\\\/en\\\/who-prefers-in-car-shelf-systems\\\/#primaryimage\",\"url\":\"https:\\\/\\\/www.detayendustri.com\\\/wp-content\\\/uploads\\\/2022\\\/04\\\/b-renault-trafic-arac-ici-donanim-1641469456266-scaled-1.jpg\",\"contentUrl\":\"https:\\\/\\\/www.detayendustri.com\\\/wp-content\\\/uploads\\\/2022\\\/04\\\/b-renault-trafic-arac-ici-donanim-1641469456266-scaled-1.jpg\"},{\"@type\":\"BreadcrumbList\",\"@id\":\"https:\\\/\\\/www.detayendustri.com\\\/en\\\/who-prefers-in-car-shelf-systems\\\/#breadcrumb\",\"itemListElement\":[{\"@type\":\"ListItem\",\"position\":1,\"name\":\"Anasayfa\",\"item\":\"https:\\\/\\\/www.detayendustri.com\\\/en\\\/\"},{\"@type\":\"ListItem\",\"position\":2,\"name\":\"Who Prefers In-car Shelf Systems?\"}]},{\"@type\":\"WebSite\",\"@id\":\"https:\\\/\\\/www.detayendustri.com\\\/#website\",\"url\":\"https:\\\/\\\/www.detayendustri.com\\\/\",\"name\":\"Detay End\u00fcstri\",\"description\":\"<h3 data-section-id=\\\"1bv7mih\\\" data-start=\\\"3674\\\" data-end=\\\"3740\\\">Frequently Asked Questions About Modular Bench-Style Tool Cart<\\\/h3><p data-start=\\\"3742\\\" data-end=\\\"3933\\\"><strong data-start=\\\"3742\\\" data-end=\\\"3789\\\">1. What is a Modular Bench-Style Tool Cart?<\\\/strong><br data-start=\\\"3789\\\" data-end=\\\"3792\\\" \\\/>It is a mobile industrial cart that combines storage drawers or cabinets with a usable top surface that functions like a compact workstation.<\\\/p><p data-start=\\\"3935\\\" data-end=\\\"4137\\\"><strong data-start=\\\"3935\\\" data-end=\\\"3995\\\">2. What is the main advantage of this type of tool cart?<\\\/strong><br data-start=\\\"3995\\\" data-end=\\\"3998\\\" \\\/>It allows operators to transport tools and materials while also providing a practical surface for assembly, inspection or maintenance work.<\\\/p><p data-start=\\\"4139\\\" data-end=\\\"4467\\\"><strong data-start=\\\"4139\\\" data-end=\\\"4181\\\">3. Can the top be used as a workbench?<\\\/strong><br data-start=\\\"4181\\\" data-end=\\\"4184\\\" \\\/>Yes. The upper section can serve as a compact &lt;a href=\\\"https:\\\/\\\/www.detayendustri.com\\\/deneme123123\\\/en\\\/work-benches-work-tables\\\/\\\"&gt;workbench&lt;\\\/a&gt; or small &lt;a href=\\\"https:\\\/\\\/www.detayendustri.com\\\/deneme123123\\\/en\\\/work-benches-work-tables\\\/\\\"&gt;industrial table&lt;\\\/a&gt; depending on the application.<\\\/p><p data-start=\\\"4469\\\" data-end=\\\"4640\\\"><strong data-start=\\\"4469\\\" data-end=\\\"4523\\\">4. In which industries is this cart commonly used?<\\\/strong><br data-start=\\\"4523\\\" data-end=\\\"4526\\\" \\\/>It is widely used in manufacturing, maintenance, assembly, automotive service, tool rooms and mold handling areas.<\\\/p><p data-start=\\\"4642\\\" data-end=\\\"5030\\\"><strong data-start=\\\"4642\\\" data-end=\\\"4696\\\">5. Can it be integrated with mold storage systems?<\\\/strong><br data-start=\\\"4696\\\" data-end=\\\"4699\\\" \\\/>Yes. It is often used next to a &lt;a href=\\\"https:\\\/\\\/www.detayendustri.com\\\/deneme123123\\\/en\\\/mold-rack-with-drawer\\\/\\\"&gt;mold rack&lt;\\\/a&gt;, &lt;a href=\\\"https:\\\/\\\/www.detayendustri.com\\\/deneme123123\\\/en\\\/mold-rack-with-drawer\\\/\\\"&gt;drawer mold rack&lt;\\\/a&gt; or &lt;a href=\\\"https:\\\/\\\/www.detayendustri.com\\\/deneme123123\\\/en\\\/mold-rack-with-drawer\\\/\\\"&gt;drawer rack system&lt;\\\/a&gt;.<\\\/p><p data-start=\\\"5032\\\" data-end=\\\"5358\\\"><strong data-start=\\\"5032\\\" data-end=\\\"5077\\\">6. Is it suitable for use in a mold shop?<\\\/strong><br data-start=\\\"5077\\\" data-end=\\\"5080\\\" \\\/>Absolutely. It supports setup, cleaning and transport tasks in the &lt;a href=\\\"https:\\\/\\\/www.detayendustri.com\\\/deneme123123\\\/en\\\/mold-rack-with-drawer\\\/\\\"&gt;mold shop&lt;\\\/a&gt;, especially near an &lt;a href=\\\"https:\\\/\\\/www.detayendustri.com\\\/deneme123123\\\/en\\\/mold-rack-with-drawer\\\/\\\"&gt;injection rack&lt;\\\/a&gt;.<\\\/p><p data-start=\\\"5360\\\" data-end=\\\"5499\\\"><strong data-start=\\\"5360\\\" data-end=\\\"5405\\\">7. Are the drawers and cabinets lockable?<\\\/strong><br data-start=\\\"5405\\\" data-end=\\\"5408\\\" \\\/>Many configurations include lockable storage to protect tools, instruments and spare parts.<\\\/p><p data-start=\\\"5501\\\" data-end=\\\"5674\\\"><strong data-start=\\\"5501\\\" data-end=\\\"5537\\\">8. Can the layout be customized?<\\\/strong><br data-start=\\\"5537\\\" data-end=\\\"5540\\\" \\\/>Yes. The modular structure allows different drawer sizes, shelves, holders and accessories to be added according to operational needs.<\\\/p><p data-start=\\\"5676\\\" data-end=\\\"6028\\\"><strong data-start=\\\"5676\\\" data-end=\\\"5726\\\">9. Can this cart support mobile service teams?<\\\/strong><br data-start=\\\"5726\\\" data-end=\\\"5729\\\" \\\/>Yes. It works well together with an &lt;a href=\\\"https:\\\/\\\/www.detayendustri.com\\\/deneme123123\\\/en\\\/car-cabinet-and-shelf-systems\\\/\\\"&gt;in-vehicle cabinet system&lt;\\\/a&gt; and &lt;a href=\\\"https:\\\/\\\/www.detayendustri.com\\\/deneme123123\\\/en\\\/car-cabinet-and-shelf-systems\\\/\\\"&gt;in-vehicle equipment rack&lt;\\\/a&gt; used in service vehicles.<\\\/p><p data-start=\\\"6030\\\" data-end=\\\"6227\\\"><strong data-start=\\\"6030\\\" data-end=\\\"6080\\\">10. How does it support lean and 5S practices?<\\\/strong><br data-start=\\\"6080\\\" data-end=\\\"6083\\\" \\\/>It gives every tool and material a defined place, reduces unnecessary movement and helps maintain a clean, efficient and standardized work area.<\\\/p>\",\"publisher\":{\"@id\":\"https:\\\/\\\/www.detayendustri.com\\\/#organization\"},\"potentialAction\":[{\"@type\":\"SearchAction\",\"target\":{\"@type\":\"EntryPoint\",\"urlTemplate\":\"https:\\\/\\\/www.detayendustri.com\\\/?s={search_term_string}\"},\"query-input\":{\"@type\":\"PropertyValueSpecification\",\"valueRequired\":true,\"valueName\":\"search_term_string\"}}],\"inLanguage\":\"en-US\"},{\"@type\":\"Organization\",\"@id\":\"https:\\\/\\\/www.detayendustri.com\\\/#organization\",\"name\":\"Detay End\u00fcstri\",\"url\":\"https:\\\/\\\/www.detayendustri.com\\\/\",\"logo\":{\"@type\":\"ImageObject\",\"inLanguage\":\"en-US\",\"@id\":\"https:\\\/\\\/www.detayendustri.com\\\/#\\\/schema\\\/logo\\\/image\\\/\",\"url\":\"\",\"contentUrl\":\"\",\"caption\":\"Detay End\u00fcstri\"},\"image\":{\"@id\":\"https:\\\/\\\/www.detayendustri.com\\\/#\\\/schema\\\/logo\\\/image\\\/\"},\"sameAs\":[\"https:\\\/\\\/www.facebook.com\\\/Detay-End\u00fcstri-Ekipmanlar\u0131-Sanayi-ve-TicLtd\u015eti-1133600626818013\\\/\",\"https:\\\/\\\/www.instagram.com\\\/detay.endustri.ekipmanlari\\\/\"]},{\"@type\":\"Person\",\"@id\":\"https:\\\/\\\/www.detayendustri.com\\\/#\\\/schema\\\/person\\\/4931c7cc98b74fdbb20dd5d6439b7caf\",\"name\":\"Detay End\u00fcstri\",\"image\":{\"@type\":\"ImageObject\",\"inLanguage\":\"en-US\",\"@id\":\"https:\\\/\\\/secure.gravatar.com\\\/avatar\\\/20296c2a4061192e7260c020ec8c8da0f5134dea3b9b11fb7d7b63c2c515f8a3?s=96&d=mm&r=g\",\"url\":\"https:\\\/\\\/secure.gravatar.com\\\/avatar\\\/20296c2a4061192e7260c020ec8c8da0f5134dea3b9b11fb7d7b63c2c515f8a3?s=96&d=mm&r=g\",\"contentUrl\":\"https:\\\/\\\/secure.gravatar.com\\\/avatar\\\/20296c2a4061192e7260c020ec8c8da0f5134dea3b9b11fb7d7b63c2c515f8a3?s=96&d=mm&r=g\",\"caption\":\"Detay End\u00fcstri\"},\"sameAs\":[\"https:\\\/\\\/www.detayendustri.com\"]}]}<\/script>\n<!-- \/ Yoast SEO Premium plugin. -->","yoast_head_json":{"title":"In-Car Shelf System Preferences - Detay End\u00fcstri","description":"Mobile technicians, service teams, and workshops prefer our shelf systems for organized, safe, and efficient mobile storage solutions.","robots":{"index":"index","follow":"follow","max-snippet":"max-snippet:-1","max-image-preview":"max-image-preview:large","max-video-preview":"max-video-preview:-1"},"canonical":"https:\/\/www.detayendustri.com\/en\/who-prefers-in-car-shelf-systems\/","og_locale":"en_US","og_type":"article","og_title":"Who Prefers In-car Shelf Systems?","og_description":"Mobile technicians, service teams, and workshops prefer our shelf systems for organized, safe, and efficient mobile storage solutions.","og_url":"https:\/\/www.detayendustri.com\/en\/who-prefers-in-car-shelf-systems\/","og_site_name":"Detay End\u00fcstri","article_publisher":"https:\/\/www.facebook.com\/Detay-End%c3%bcstri-Ekipmanlar%c4%b1-Sanayi-ve-TicLtd%c5%9eti-1133600626818013\/","article_published_time":"2022-05-08T11:40:01+00:00","article_modified_time":"2026-03-11T08:01:17+00:00","og_image":[{"url":"https:\/\/www.detayendustri.com\/wp-content\/uploads\/2022\/04\/b-renault-trafic-arac-ici-donanim-1641469456266-scaled-1.jpg","width":1,"height":1,"type":"image\/jpeg"}],"author":"Detay End\u00fcstri","twitter_card":"summary_large_image","twitter_misc":{"Written by":"Detay End\u00fcstri","Est. reading time":"2 minutes"},"schema":{"@context":"https:\/\/schema.org","@graph":[{"@type":"Article","@id":"https:\/\/www.detayendustri.com\/en\/who-prefers-in-car-shelf-systems\/#article","isPartOf":{"@id":"https:\/\/www.detayendustri.com\/en\/who-prefers-in-car-shelf-systems\/"},"author":{"name":"Detay End\u00fcstri","@id":"https:\/\/www.detayendustri.com\/#\/schema\/person\/4931c7cc98b74fdbb20dd5d6439b7caf"},"headline":"Who Prefers In-car Shelf Systems?","datePublished":"2022-05-08T11:40:01+00:00","dateModified":"2026-03-11T08:01:17+00:00","mainEntityOfPage":{"@id":"https:\/\/www.detayendustri.com\/en\/who-prefers-in-car-shelf-systems\/"},"wordCount":505,"commentCount":0,"publisher":{"@id":"https:\/\/www.detayendustri.com\/#organization"},"image":{"@id":"https:\/\/www.detayendustri.com\/en\/who-prefers-in-car-shelf-systems\/#primaryimage"},"thumbnailUrl":"https:\/\/www.detayendustri.com\/wp-content\/uploads\/2022\/04\/b-renault-trafic-arac-ici-donanim-1641469456266-scaled-1.jpg","inLanguage":"en-US","potentialAction":[{"@type":"CommentAction","name":"Comment","target":["https:\/\/www.detayendustri.com\/en\/who-prefers-in-car-shelf-systems\/#respond"]}]},{"@type":"WebPage","@id":"https:\/\/www.detayendustri.com\/en\/who-prefers-in-car-shelf-systems\/","url":"https:\/\/www.detayendustri.com\/en\/who-prefers-in-car-shelf-systems\/","name":"In-Car Shelf System Preferences - Detay End\u00fcstri","isPartOf":{"@id":"https:\/\/www.detayendustri.com\/#website"},"primaryImageOfPage":{"@id":"https:\/\/www.detayendustri.com\/en\/who-prefers-in-car-shelf-systems\/#primaryimage"},"image":{"@id":"https:\/\/www.detayendustri.com\/en\/who-prefers-in-car-shelf-systems\/#primaryimage"},"thumbnailUrl":"https:\/\/www.detayendustri.com\/wp-content\/uploads\/2022\/04\/b-renault-trafic-arac-ici-donanim-1641469456266-scaled-1.jpg","datePublished":"2022-05-08T11:40:01+00:00","dateModified":"2026-03-11T08:01:17+00:00","description":"Mobile technicians, service teams, and workshops prefer our shelf systems for organized, safe, and efficient mobile storage solutions.","breadcrumb":{"@id":"https:\/\/www.detayendustri.com\/en\/who-prefers-in-car-shelf-systems\/#breadcrumb"},"inLanguage":"en-US","potentialAction":[{"@type":"ReadAction","target":["https:\/\/www.detayendustri.com\/en\/who-prefers-in-car-shelf-systems\/"]}]},{"@type":"ImageObject","inLanguage":"en-US","@id":"https:\/\/www.detayendustri.com\/en\/who-prefers-in-car-shelf-systems\/#primaryimage","url":"https:\/\/www.detayendustri.com\/wp-content\/uploads\/2022\/04\/b-renault-trafic-arac-ici-donanim-1641469456266-scaled-1.jpg","contentUrl":"https:\/\/www.detayendustri.com\/wp-content\/uploads\/2022\/04\/b-renault-trafic-arac-ici-donanim-1641469456266-scaled-1.jpg"},{"@type":"BreadcrumbList","@id":"https:\/\/www.detayendustri.com\/en\/who-prefers-in-car-shelf-systems\/#breadcrumb","itemListElement":[{"@type":"ListItem","position":1,"name":"Anasayfa","item":"https:\/\/www.detayendustri.com\/en\/"},{"@type":"ListItem","position":2,"name":"Who Prefers In-car Shelf Systems?"}]},{"@type":"WebSite","@id":"https:\/\/www.detayendustri.com\/#website","url":"https:\/\/www.detayendustri.com\/","name":"Detay End\u00fcstri","description":"<h3 data-section-id=\"1bv7mih\" data-start=\"3674\" data-end=\"3740\">Frequently Asked Questions About Modular Bench-Style Tool Cart<\/h3><p data-start=\"3742\" data-end=\"3933\"><strong data-start=\"3742\" data-end=\"3789\">1. What is a Modular Bench-Style Tool Cart?<\/strong><br data-start=\"3789\" data-end=\"3792\" \/>It is a mobile industrial cart that combines storage drawers or cabinets with a usable top surface that functions like a compact workstation.<\/p><p data-start=\"3935\" data-end=\"4137\"><strong data-start=\"3935\" data-end=\"3995\">2. What is the main advantage of this type of tool cart?<\/strong><br data-start=\"3995\" data-end=\"3998\" \/>It allows operators to transport tools and materials while also providing a practical surface for assembly, inspection or maintenance work.<\/p><p data-start=\"4139\" data-end=\"4467\"><strong data-start=\"4139\" data-end=\"4181\">3. Can the top be used as a workbench?<\/strong><br data-start=\"4181\" data-end=\"4184\" \/>Yes. The upper section can serve as a compact &lt;a href=\"https:\/\/www.detayendustri.com\/deneme123123\/en\/work-benches-work-tables\/\"&gt;workbench&lt;\/a&gt; or small &lt;a href=\"https:\/\/www.detayendustri.com\/deneme123123\/en\/work-benches-work-tables\/\"&gt;industrial table&lt;\/a&gt; depending on the application.<\/p><p data-start=\"4469\" data-end=\"4640\"><strong data-start=\"4469\" data-end=\"4523\">4. In which industries is this cart commonly used?<\/strong><br data-start=\"4523\" data-end=\"4526\" \/>It is widely used in manufacturing, maintenance, assembly, automotive service, tool rooms and mold handling areas.<\/p><p data-start=\"4642\" data-end=\"5030\"><strong data-start=\"4642\" data-end=\"4696\">5. Can it be integrated with mold storage systems?<\/strong><br data-start=\"4696\" data-end=\"4699\" \/>Yes. It is often used next to a &lt;a href=\"https:\/\/www.detayendustri.com\/deneme123123\/en\/mold-rack-with-drawer\/\"&gt;mold rack&lt;\/a&gt;, &lt;a href=\"https:\/\/www.detayendustri.com\/deneme123123\/en\/mold-rack-with-drawer\/\"&gt;drawer mold rack&lt;\/a&gt; or &lt;a href=\"https:\/\/www.detayendustri.com\/deneme123123\/en\/mold-rack-with-drawer\/\"&gt;drawer rack system&lt;\/a&gt;.<\/p><p data-start=\"5032\" data-end=\"5358\"><strong data-start=\"5032\" data-end=\"5077\">6. Is it suitable for use in a mold shop?<\/strong><br data-start=\"5077\" data-end=\"5080\" \/>Absolutely. It supports setup, cleaning and transport tasks in the &lt;a href=\"https:\/\/www.detayendustri.com\/deneme123123\/en\/mold-rack-with-drawer\/\"&gt;mold shop&lt;\/a&gt;, especially near an &lt;a href=\"https:\/\/www.detayendustri.com\/deneme123123\/en\/mold-rack-with-drawer\/\"&gt;injection rack&lt;\/a&gt;.<\/p><p data-start=\"5360\" data-end=\"5499\"><strong data-start=\"5360\" data-end=\"5405\">7. Are the drawers and cabinets lockable?<\/strong><br data-start=\"5405\" data-end=\"5408\" \/>Many configurations include lockable storage to protect tools, instruments and spare parts.<\/p><p data-start=\"5501\" data-end=\"5674\"><strong data-start=\"5501\" data-end=\"5537\">8. Can the layout be customized?<\/strong><br data-start=\"5537\" data-end=\"5540\" \/>Yes. The modular structure allows different drawer sizes, shelves, holders and accessories to be added according to operational needs.<\/p><p data-start=\"5676\" data-end=\"6028\"><strong data-start=\"5676\" data-end=\"5726\">9. Can this cart support mobile service teams?<\/strong><br data-start=\"5726\" data-end=\"5729\" \/>Yes. It works well together with an &lt;a href=\"https:\/\/www.detayendustri.com\/deneme123123\/en\/car-cabinet-and-shelf-systems\/\"&gt;in-vehicle cabinet system&lt;\/a&gt; and &lt;a href=\"https:\/\/www.detayendustri.com\/deneme123123\/en\/car-cabinet-and-shelf-systems\/\"&gt;in-vehicle equipment rack&lt;\/a&gt; used in service vehicles.<\/p><p data-start=\"6030\" data-end=\"6227\"><strong data-start=\"6030\" data-end=\"6080\">10. How does it support lean and 5S practices?<\/strong><br data-start=\"6080\" data-end=\"6083\" \/>It gives every tool and material a defined place, reduces unnecessary movement and helps maintain a clean, efficient and standardized work area.<\/p>","publisher":{"@id":"https:\/\/www.detayendustri.com\/#organization"},"potentialAction":[{"@type":"SearchAction","target":{"@type":"EntryPoint","urlTemplate":"https:\/\/www.detayendustri.com\/?s={search_term_string}"},"query-input":{"@type":"PropertyValueSpecification","valueRequired":true,"valueName":"search_term_string"}}],"inLanguage":"en-US"},{"@type":"Organization","@id":"https:\/\/www.detayendustri.com\/#organization","name":"Detay End\u00fcstri","url":"https:\/\/www.detayendustri.com\/","logo":{"@type":"ImageObject","inLanguage":"en-US","@id":"https:\/\/www.detayendustri.com\/#\/schema\/logo\/image\/","url":"","contentUrl":"","caption":"Detay End\u00fcstri"},"image":{"@id":"https:\/\/www.detayendustri.com\/#\/schema\/logo\/image\/"},"sameAs":["https:\/\/www.facebook.com\/Detay-End\u00fcstri-Ekipmanlar\u0131-Sanayi-ve-TicLtd\u015eti-1133600626818013\/","https:\/\/www.instagram.com\/detay.endustri.ekipmanlari\/"]},{"@type":"Person","@id":"https:\/\/www.detayendustri.com\/#\/schema\/person\/4931c7cc98b74fdbb20dd5d6439b7caf","name":"Detay End\u00fcstri","image":{"@type":"ImageObject","inLanguage":"en-US","@id":"https:\/\/secure.gravatar.com\/avatar\/20296c2a4061192e7260c020ec8c8da0f5134dea3b9b11fb7d7b63c2c515f8a3?s=96&d=mm&r=g","url":"https:\/\/secure.gravatar.com\/avatar\/20296c2a4061192e7260c020ec8c8da0f5134dea3b9b11fb7d7b63c2c515f8a3?s=96&d=mm&r=g","contentUrl":"https:\/\/secure.gravatar.com\/avatar\/20296c2a4061192e7260c020ec8c8da0f5134dea3b9b11fb7d7b63c2c515f8a3?s=96&d=mm&r=g","caption":"Detay End\u00fcstri"},"sameAs":["https:\/\/www.detayendustri.com"]}]}},"_links":{"self":[{"href":"https:\/\/www.detayendustri.com\/en\/wp-json\/wp\/v2\/posts\/4965","targetHints":{"allow":["GET"]}}],"collection":[{"href":"https:\/\/www.detayendustri.com\/en\/wp-json\/wp\/v2\/posts"}],"about":[{"href":"https:\/\/www.detayendustri.com\/en\/wp-json\/wp\/v2\/types\/post"}],"author":[{"embeddable":true,"href":"https:\/\/www.detayendustri.com\/en\/wp-json\/wp\/v2\/users\/1"}],"replies":[{"embeddable":true,"href":"https:\/\/www.detayendustri.com\/en\/wp-json\/wp\/v2\/comments?post=4965"}],"version-history":[{"count":1,"href":"https:\/\/www.detayendustri.com\/en\/wp-json\/wp\/v2\/posts\/4965\/revisions"}],"predecessor-version":[{"id":39505,"href":"https:\/\/www.detayendustri.com\/en\/wp-json\/wp\/v2\/posts\/4965\/revisions\/39505"}],"wp:featuredmedia":[{"embeddable":true,"href":"https:\/\/www.detayendustri.com\/en\/wp-json\/wp\/v2\/media\/35242"}],"wp:attachment":[{"href":"https:\/\/www.detayendustri.com\/en\/wp-json\/wp\/v2\/media?parent=4965"}],"wp:term":[{"taxonomy":"category","embeddable":true,"href":"https:\/\/www.detayendustri.com\/en\/wp-json\/wp\/v2\/categories?post=4965"},{"taxonomy":"post_tag","embeddable":true,"href":"https:\/\/www.detayendustri.com\/en\/wp-json\/wp\/v2\/tags?post=4965"}],"curies":[{"name":"wp","href":"https:\/\/api.w.org\/{rel}","templated":true}]}}